
{"id":523,"date":"2025-01-20T15:07:31","date_gmt":"2025-01-20T15:07:31","guid":{"rendered":"https:\/\/swiss-contribution.sk\/?p=523"},"modified":"2025-01-24T14:30:04","modified_gmt":"2025-01-24T14:30:04","slug":"svajciarsko-slovenska-spolupraca-pokracuje-druhy-program-podpory-na-slovensko-prinesie-47-milionov-eur","status":"publish","type":"post","link":"https:\/\/swiss-contribution.sk\/?p=523","title":{"rendered":"\u0160vaj\u010diarsko-slovensk\u00e1 spolupr\u00e1ca pokra\u010duje: Druh\u00fd program podpory na Slovensko prinesie 47 mili\u00f3nov eur"},"content":{"rendered":"<p><strong>Minister invest\u00edci\u00ed, region\u00e1lneho rozvoja a\u00a0informatiz\u00e1cie SR Richard Ra\u0161i dnes spolu so \u0161vaj\u010diarskym ve\u013evyslancom Petrom Nelsonom sl\u00e1vnostne otvorili druh\u00fd Program \u0161vaj\u010diarsko-slovenskej spolupr\u00e1ce. Ako poznamenal minister Ra\u0161i, program nadv\u00e4zuje na \u00faspe\u0161n\u00fd prv\u00fd cyklus realizovan\u00fd v rokoch 2007 a\u017e 2017 a prin\u00e1\u0161a na Slovensko finan\u010dn\u00e9 prostriedky vo viacer\u00fdch oblastiach, vr\u00e1tane odborn\u00e9ho vzdel\u00e1vania, udr\u017eate\u013en\u00e9ho cestovn\u00e9ho ruchu a biodiverzity, ako aj podpory zdravia a prevencie.<\/strong><\/p>\n<p><em>\u201eProgram sa ofici\u00e1lne za\u010dal 19. septembra 2023 podpisom R\u00e1mcovej dohody, ktor\u00e1 stanovila z\u00e1kladn\u00e9 tematick\u00e9 oblasti a mechanizmy implement\u00e1cie. Od tohto d\u00e1tumu a\u017e po dne\u0161n\u00fd de\u0148 u\u017e bol dosiahnut\u00fd cel\u00fd rad d\u00f4le\u017eit\u00fdch m\u00ed\u013enikov, ako\u00a0<\/em><em>podpis Dohody o\u00a0technickej pomoci, podpis Dohody o\u00a0podpornom opatren\u00ed zameranom na odborn\u00e9 vzdel\u00e1vanie a\u00a0pr\u00edpravu \u010di podpis Dohody o\u00a0podpornom opatren\u00ed zameranom na udr\u017eate\u013en\u00fd cestovn\u00fd ruch a\u00a0biodiverzitu. Najnov\u0161ie bolo schv\u00e1len\u00e9 opatrenie v oblasti zdravia, pri\u010dom jeho podpis sa o\u010dak\u00e1va v\u00a0prvom kvart\u00e1li tohto roka,\u201c\u00a0<\/em>informoval minister Ra\u0161i.<\/p>\n<p>\u0160vaj\u010diarsko-slovensk\u00e1 spolupr\u00e1ca stavia na bilater\u00e1lnom zapojen\u00ed in\u0161tit\u00faci\u00ed oboch kraj\u00edn a\u00a0kladie d\u00f4raz na kontinuitu, kooper\u00e1ciu a koordin\u00e1ciu. Do jednotliv\u00fdch opatren\u00ed s\u00fa zapojen\u00ed experti zo \u0160vaj\u010diarska, \u010do prin\u00e1\u0161a neocenite\u013en\u00fa v\u00fdmenu sk\u00fasenost\u00ed a zvy\u0161uje odborn\u00fa \u00farove\u0148 projektov. MIRRI SR, ako N\u00e1rodn\u00e1 koordina\u010dn\u00e1 jednotka programu, spolupracuje s \u010fal\u0161\u00edmi rezortmi a partnermi na Slovensku i vo \u0160vaj\u010diarsku, aby projekty priniesli merate\u013en\u00e9 v\u00fdsledky.<\/p>\n<p>\u201e<em>Te\u0161\u00ed ma, \u017ee sa n\u00e1m podarilo nadviaza\u0165 partnerstvo so \u0161vaj\u010diarskymi organiz\u00e1ciami. Takto vyu\u017eit\u00e1 \u0161vaj\u010diarska odbornos\u0165 bude predstavova\u0165 pridan\u00fa hodnotu v\u0161etk\u00fdch projektov a programov v r\u00e1mci Druh\u00e9ho \u0161vaj\u010diarskeho pr\u00edspevku. V neposlednom rade to posiln\u00ed vz\u0165ahy medzi na\u0161imi dvoma krajinami,<\/em>\u201c uviedol \u0161vaj\u010diarsky ve\u013evyslanec na Slovensku Peter Nelson.<\/p>\n<p>\u0160vaj\u010diarsko od roku 2007 poskytuje pr\u00edspevky na zni\u017eovanie hospod\u00e1rskych a soci\u00e1lnych rozdielov v Eur\u00f3pskej \u00fanii. V druhom obdob\u00ed (2009 \u2013 2019) \u0160vaj\u010diarsko vy\u010dlenilo 1,1 miliardy \u0161vaj\u010diarskych frankov, z \u010doho 44,2 mili\u00f3na frankov (47 mil. eur) \u00a0patr\u00ed Slovenskej republike. Implement\u00e1ciu viedol \u00darad vl\u00e1dy Slovenskej republiky, dnes ju riadi Ministerstvo invest\u00edci\u00ed, region\u00e1lneho rozvoja a informatiz\u00e1cie Slovenskej republiky.<\/p>\n<p><em>\u201eSme presved\u010den\u00ed, \u017ee spolu s na\u0161imi partnermi dok\u00e1\u017eeme \u010deli\u0165 v\u00fdzvam spojen\u00fdm s\u00a0implement\u00e1ciou programu, v\u010faka \u010domu sa n\u00e1m podar\u00ed premeni\u0165 projekty na \u00faspe\u0161n\u00e9 pr\u00edbehy, ktor\u00e9 zlep\u0161ia kvalitu \u017eivota na Slovensku,\u201c<\/em>\u00a0uzavrel Ra\u0161i.<\/p>\n<p>&nbsp;<\/p>\n\n\t\t<style type=\"text\/css\">\n\t\t\t#gallery-1 {\n\t\t\t\tmargin: auto;\n\t\t\t}\n\t\t\t#gallery-1 .gallery-item {\n\t\t\t\tfloat: left;\n\t\t\t\tmargin-top: 10px;\n\t\t\t\ttext-align: center;\n\t\t\t\twidth: 100%;\n\t\t\t}\n\t\t\t#gallery-1 img {\n\t\t\t\tborder: 2px solid #cfcfcf;\n\t\t\t}\n\t\t\t#gallery-1 .gallery-caption {\n\t\t\t\tmargin-left: 0;\n\t\t\t}\n\t\t\t\/* see gallery_shortcode() in wp-includes\/media.php *\/\n\t\t<\/style>\n\t\t<div id='gallery-1' class='gallery galleryid-523 gallery-columns-1 gallery-size-large'><dl class='gallery-item'>\n\t\t\t<dt class='gallery-icon landscape'>\n\t\t\t\t<a href='https:\/\/swiss-contribution.sk\/?attachment_id=532'><img loading=\"lazy\" decoding=\"async\" width=\"1024\" height=\"755\" src=\"https:\/\/swiss-contribution.sk\/wp-content\/uploads\/2025\/01\/24-1-of-1-1024x755.jpg\" class=\"attachment-large size-large\" alt=\"\" srcset=\"https:\/\/swiss-contribution.sk\/wp-content\/uploads\/2025\/01\/24-1-of-1-1024x755.jpg 1024w, https:\/\/swiss-contribution.sk\/wp-content\/uploads\/2025\/01\/24-1-of-1-300x221.jpg 300w, https:\/\/swiss-contribution.sk\/wp-content\/uploads\/2025\/01\/24-1-of-1-768x566.jpg 768w, https:\/\/swiss-contribution.sk\/wp-content\/uploads\/2025\/01\/24-1-of-1-1536x1133.jpg 1536w, https:\/\/swiss-contribution.sk\/wp-content\/uploads\/2025\/01\/24-1-of-1-2048x1510.jpg 2048w\" sizes=\"auto, (max-width: 1024px) 100vw, 1024px\" \/><\/a>\n\t\t\t<\/dt><\/dl><br style=\"clear: both\" \/><dl class='gallery-item'>\n\t\t\t<dt class='gallery-icon landscape'>\n\t\t\t\t<a href='https:\/\/swiss-contribution.sk\/?attachment_id=534'><img loading=\"lazy\" decoding=\"async\" width=\"1024\" height=\"839\" src=\"https:\/\/swiss-contribution.sk\/wp-content\/uploads\/2025\/01\/34-1-of-1-1024x839.jpg\" class=\"attachment-large size-large\" alt=\"\" srcset=\"https:\/\/swiss-contribution.sk\/wp-content\/uploads\/2025\/01\/34-1-of-1-1024x839.jpg 1024w, https:\/\/swiss-contribution.sk\/wp-content\/uploads\/2025\/01\/34-1-of-1-300x246.jpg 300w, https:\/\/swiss-contribution.sk\/wp-content\/uploads\/2025\/01\/34-1-of-1-768x629.jpg 768w, https:\/\/swiss-contribution.sk\/wp-content\/uploads\/2025\/01\/34-1-of-1-1536x1259.jpg 1536w, https:\/\/swiss-contribution.sk\/wp-content\/uploads\/2025\/01\/34-1-of-1-2048x1678.jpg 2048w\" sizes=\"auto, (max-width: 1024px) 100vw, 1024px\" \/><\/a>\n\t\t\t<\/dt><\/dl><br style=\"clear: both\" \/><dl class='gallery-item'>\n\t\t\t<dt class='gallery-icon landscape'>\n\t\t\t\t<a href='https:\/\/swiss-contribution.sk\/?attachment_id=533'><img loading=\"lazy\" decoding=\"async\" width=\"1024\" height=\"769\" src=\"https:\/\/swiss-contribution.sk\/wp-content\/uploads\/2025\/01\/25-1-of-1-1024x769.jpg\" class=\"attachment-large size-large\" alt=\"\" srcset=\"https:\/\/swiss-contribution.sk\/wp-content\/uploads\/2025\/01\/25-1-of-1-1024x769.jpg 1024w, https:\/\/swiss-contribution.sk\/wp-content\/uploads\/2025\/01\/25-1-of-1-300x225.jpg 300w, https:\/\/swiss-contribution.sk\/wp-content\/uploads\/2025\/01\/25-1-of-1-768x577.jpg 768w, https:\/\/swiss-contribution.sk\/wp-content\/uploads\/2025\/01\/25-1-of-1-1536x1153.jpg 1536w, https:\/\/swiss-contribution.sk\/wp-content\/uploads\/2025\/01\/25-1-of-1-2048x1537.jpg 2048w\" sizes=\"auto, (max-width: 1024px) 100vw, 1024px\" \/><\/a>\n\t\t\t<\/dt><\/dl><br style=\"clear: both\" \/><dl class='gallery-item'>\n\t\t\t<dt class='gallery-icon landscape'>\n\t\t\t\t<a href='https:\/\/swiss-contribution.sk\/?attachment_id=531'><img loading=\"lazy\" decoding=\"async\" width=\"1024\" height=\"753\" src=\"https:\/\/swiss-contribution.sk\/wp-content\/uploads\/2025\/01\/20-1-of-1-1024x753.jpg\" class=\"attachment-large size-large\" alt=\"\" srcset=\"https:\/\/swiss-contribution.sk\/wp-content\/uploads\/2025\/01\/20-1-of-1-1024x753.jpg 1024w, https:\/\/swiss-contribution.sk\/wp-content\/uploads\/2025\/01\/20-1-of-1-300x220.jpg 300w, https:\/\/swiss-contribution.sk\/wp-content\/uploads\/2025\/01\/20-1-of-1-768x564.jpg 768w, https:\/\/swiss-contribution.sk\/wp-content\/uploads\/2025\/01\/20-1-of-1-1536x1129.jpg 1536w, https:\/\/swiss-contribution.sk\/wp-content\/uploads\/2025\/01\/20-1-of-1-2048x1505.jpg 2048w\" sizes=\"auto, (max-width: 1024px) 100vw, 1024px\" \/><\/a>\n\t\t\t<\/dt><\/dl><br style=\"clear: both\" \/>\n\t\t<\/div>\n\n","protected":false},"excerpt":{"rendered":"<p>Minister invest\u00edci\u00ed, region\u00e1lneho rozvoja a\u00a0informatiz\u00e1cie SR Richard Ra\u0161i dnes spolu so \u0161vaj\u010diarskym ve\u013evyslancom Petrom Nelsonom sl\u00e1vnostne otvorili druh\u00fd Program \u0161vaj\u010diarsko-slovenskej spolupr\u00e1ce. Ako poznamenal minister Ra\u0161i, program nadv\u00e4zuje na \u00faspe\u0161n\u00fd prv\u00fd cyklus realizovan\u00fd v rokoch 2007 a\u017e 2017 a prin\u00e1\u0161a na Slovensko finan\u010dn\u00e9 prostriedky vo viacer\u00fdch oblastiach, vr\u00e1tane odborn\u00e9ho vzdel\u00e1vania, udr\u017eate\u013en\u00e9ho cestovn\u00e9ho ruchu a biodiverzity, ako [&hellip;]<\/p>\n","protected":false},"author":2,"featured_media":537,"comment_status":"open","ping_status":"open","sticky":false,"template":"","format":"standard","meta":{"_acf_changed":false,"inline_featured_image":false,"footnotes":""},"categories":[53,8,39,55],"tags":[],"class_list":["post-523","post","type-post","status-publish","format-standard","has-post-thumbnail","hentry","category-biodiverzita","category-nezaradene-sk","category-vzdelavanie","category-zdravie"],"acf":[],"lang":"sk","translations":{"sk":523,"en":525},"pll_sync_post":[],"_links":{"self":[{"href":"https:\/\/swiss-contribution.sk\/index.php?rest_route=\/wp\/v2\/posts\/523","targetHints":{"allow":["GET"]}}],"collection":[{"href":"https:\/\/swiss-contribution.sk\/index.php?rest_route=\/wp\/v2\/posts"}],"about":[{"href":"https:\/\/swiss-contribution.sk\/index.php?rest_route=\/wp\/v2\/types\/post"}],"author":[{"embeddable":true,"href":"https:\/\/swiss-contribution.sk\/index.php?rest_route=\/wp\/v2\/users\/2"}],"replies":[{"embeddable":true,"href":"https:\/\/swiss-contribution.sk\/index.php?rest_route=%2Fwp%2Fv2%2Fcomments&post=523"}],"version-history":[{"count":5,"href":"https:\/\/swiss-contribution.sk\/index.php?rest_route=\/wp\/v2\/posts\/523\/revisions"}],"predecessor-version":[{"id":549,"href":"https:\/\/swiss-contribution.sk\/index.php?rest_route=\/wp\/v2\/posts\/523\/revisions\/549"}],"wp:featuredmedia":[{"embeddable":true,"href":"https:\/\/swiss-contribution.sk\/index.php?rest_route=\/wp\/v2\/media\/537"}],"wp:attachment":[{"href":"https:\/\/swiss-contribution.sk\/index.php?rest_route=%2Fwp%2Fv2%2Fmedia&parent=523"}],"wp:term":[{"taxonomy":"category","embeddable":true,"href":"https:\/\/swiss-contribution.sk\/index.php?rest_route=%2Fwp%2Fv2%2Fcategories&post=523"},{"taxonomy":"post_tag","embeddable":true,"href":"https:\/\/swiss-contribution.sk\/index.php?rest_route=%2Fwp%2Fv2%2Ftags&post=523"}],"curies":[{"name":"wp","href":"https:\/\/api.w.org\/{rel}","templated":true}]}}