
{"id":458,"date":"2024-12-02T15:36:57","date_gmt":"2024-12-02T15:36:57","guid":{"rendered":"https:\/\/swiss-contribution.sk\/?p=458"},"modified":"2025-02-04T10:12:49","modified_gmt":"2025-02-04T10:12:49","slug":"statny-institut-odborneho-vzdelavania-zorganizoval-klucovu-diskusiu-o-buducnosti-odborneho-vzdelavania-v-stavebnictve","status":"publish","type":"post","link":"https:\/\/swiss-contribution.sk\/?p=458","title":{"rendered":"\u0160t\u00e1tny in\u0161tit\u00fat odborn\u00e9ho vzdel\u00e1vania zorganizoval k\u013e\u00fa\u010dov\u00fa diskusiu o bud\u00facnosti odborn\u00e9ho vzdel\u00e1vania v stavebn\u00edctve"},"content":{"rendered":"<p class=\"whitespace-pre-wrap break-words\">D\u0148a 19. novembra 2024 usporiadal \u0160t\u00e1tny in\u0161tit\u00fat odborn\u00e9ho vzdel\u00e1vania (\u0160IOV) dvojd\u0148ov\u00e9 strategick\u00e9 stretnutie zameran\u00e9 na rozvoj odborn\u00e9ho vzdel\u00e1vania v sektore stavebn\u00edctva. Podujatie bolo s\u00fa\u010das\u0165ou \u0161vaj\u010diarsko-slovensk\u00e9ho projektu zameran\u00e9ho na zlep\u0161enie kvality a atrakt\u00edvnosti odborn\u00e9ho vzdel\u00e1vania.<\/p>\n<p class=\"whitespace-pre-wrap break-words\"><strong>K\u013e\u00fa\u010dov\u00e9 body diskusie:<\/strong><\/p>\n<ul class=\"-mt-1 [li&gt;&amp;]:mt-2 list-disc space-y-2 pl-8\">\n<li class=\"whitespace-normal break-words\">Zv\u00fd\u0161enie atraktivity odborn\u00e9ho vzdel\u00e1vania pre mlad\u00fdch \u013eud\u00ed a ich rodi\u010dov<\/li>\n<li class=\"whitespace-normal break-words\">Intenz\u00edvnej\u0161ie prepojenie stredn\u00fdch odborn\u00fdch \u0161k\u00f4l s pracovn\u00fdm trhom<\/li>\n<li class=\"whitespace-normal break-words\">Aktualiz\u00e1cia vzdel\u00e1vac\u00edch programov pod\u013ea potrieb zamestn\u00e1vate\u013eov<\/li>\n<li class=\"whitespace-normal break-words\">V\u00e4\u010d\u0161ie zapojenie \u017eivnostn\u00edkov a mal\u00fdch zamestn\u00e1vate\u013eov do vzdel\u00e1vacieho procesu<\/li>\n<\/ul>\n<p class=\"whitespace-pre-wrap break-words\"><strong>Hlavn\u00ed \u00fa\u010dastn\u00edci:<\/strong><\/p>\n<ul class=\"-mt-1 [li&gt;&amp;]:mt-2 list-disc space-y-2 pl-8\">\n<li class=\"whitespace-normal break-words\">Z\u00e1stupcovia \u0160IOV<\/li>\n<li class=\"whitespace-normal break-words\">Odbor \u0161kolstva V\u00daC Pre\u0161ov<\/li>\n<li class=\"whitespace-normal break-words\">Region\u00e1lne centr\u00e1 \u0160IOV<\/li>\n<li class=\"whitespace-normal break-words\">Stavovsk\u00e9 a profesijn\u00e9 organiz\u00e1cie (S\u017dK, R\u00daZ)<\/li>\n<li class=\"whitespace-normal break-words\">Z\u00e1stupcovia mal\u00fdch zamestn\u00e1vate\u013eov a \u017eivnostn\u00edkov<\/li>\n<\/ul>\n<p class=\"whitespace-pre-wrap break-words\"><strong>\u010eal\u0161ie kroky:<\/strong> Projekt pl\u00e1nuje vyu\u017ei\u0165 sk\u00fasenosti \u0161vaj\u010diarskeho partnera a adaptova\u0165 ich na slovensk\u00e9 podmienky. Najbli\u017e\u0161ia diskusia sa uskuto\u010dn\u00ed za\u010diatkom decembra 2024 so zameran\u00edm na sektor po\u013enohospod\u00e1rstva a potravin\u00e1rstva.<\/p>\n<p class=\"whitespace-pre-wrap break-words\">Hlavn\u00fdm cie\u013eom je vytvori\u0165 modern\u00fd vzdel\u00e1vac\u00ed syst\u00e9m, ktor\u00fd efekt\u00edvne priprav\u00ed mlad\u00fdch profesion\u00e1lov na aktu\u00e1lne potreby trhu pr\u00e1ce.<\/p>\n<p>&nbsp;<\/p>\n<p>Viac o diskusi\u00ed sa do\u010d\u00edtate priamo na str\u00e1nke <a href=\"https:\/\/siov.sk\/co-ocakavaju-zamestnavatelia-od-mladych-profesionalov-ktori-vstupuju-na-pracovny-trh\/\">\u0160IOV<\/a>.<\/p>\n","protected":false},"excerpt":{"rendered":"<p>D\u0148a 19. novembra 2024 usporiadal \u0160t\u00e1tny in\u0161tit\u00fat odborn\u00e9ho vzdel\u00e1vania (\u0160IOV) dvojd\u0148ov\u00e9 strategick\u00e9 stretnutie zameran\u00e9 na rozvoj odborn\u00e9ho vzdel\u00e1vania v sektore stavebn\u00edctva. Podujatie bolo s\u00fa\u010das\u0165ou \u0161vaj\u010diarsko-slovensk\u00e9ho projektu zameran\u00e9ho na zlep\u0161enie kvality a atrakt\u00edvnosti odborn\u00e9ho vzdel\u00e1vania. K\u013e\u00fa\u010dov\u00e9 body diskusie: Zv\u00fd\u0161enie atraktivity odborn\u00e9ho vzdel\u00e1vania pre mlad\u00fdch \u013eud\u00ed a ich rodi\u010dov Intenz\u00edvnej\u0161ie prepojenie stredn\u00fdch odborn\u00fdch \u0161k\u00f4l s pracovn\u00fdm trhom [&hellip;]<\/p>\n","protected":false},"author":2,"featured_media":658,"comment_status":"open","ping_status":"open","sticky":false,"template":"","format":"standard","meta":{"_acf_changed":false,"inline_featured_image":false,"footnotes":""},"categories":[39],"tags":[],"class_list":["post-458","post","type-post","status-publish","format-standard","has-post-thumbnail","hentry","category-vzdelavanie"],"acf":[],"lang":"sk","translations":{"sk":458,"en":462},"pll_sync_post":[],"_links":{"self":[{"href":"https:\/\/swiss-contribution.sk\/index.php?rest_route=\/wp\/v2\/posts\/458","targetHints":{"allow":["GET"]}}],"collection":[{"href":"https:\/\/swiss-contribution.sk\/index.php?rest_route=\/wp\/v2\/posts"}],"about":[{"href":"https:\/\/swiss-contribution.sk\/index.php?rest_route=\/wp\/v2\/types\/post"}],"author":[{"embeddable":true,"href":"https:\/\/swiss-contribution.sk\/index.php?rest_route=\/wp\/v2\/users\/2"}],"replies":[{"embeddable":true,"href":"https:\/\/swiss-contribution.sk\/index.php?rest_route=%2Fwp%2Fv2%2Fcomments&post=458"}],"version-history":[{"count":1,"href":"https:\/\/swiss-contribution.sk\/index.php?rest_route=\/wp\/v2\/posts\/458\/revisions"}],"predecessor-version":[{"id":459,"href":"https:\/\/swiss-contribution.sk\/index.php?rest_route=\/wp\/v2\/posts\/458\/revisions\/459"}],"wp:featuredmedia":[{"embeddable":true,"href":"https:\/\/swiss-contribution.sk\/index.php?rest_route=\/wp\/v2\/media\/658"}],"wp:attachment":[{"href":"https:\/\/swiss-contribution.sk\/index.php?rest_route=%2Fwp%2Fv2%2Fmedia&parent=458"}],"wp:term":[{"taxonomy":"category","embeddable":true,"href":"https:\/\/swiss-contribution.sk\/index.php?rest_route=%2Fwp%2Fv2%2Fcategories&post=458"},{"taxonomy":"post_tag","embeddable":true,"href":"https:\/\/swiss-contribution.sk\/index.php?rest_route=%2Fwp%2Fv2%2Ftags&post=458"}],"curies":[{"name":"wp","href":"https:\/\/api.w.org\/{rel}","templated":true}]}}