
{"id":1390,"date":"2025-12-05T09:38:05","date_gmt":"2025-12-05T09:38:05","guid":{"rendered":"https:\/\/swiss-contribution.sk\/?p=1390"},"modified":"2025-12-05T09:42:24","modified_gmt":"2025-12-05T09:42:24","slug":"prevention-the-foundation-of-a-successful-health-policy","status":"publish","type":"post","link":"https:\/\/swiss-contribution.sk\/?p=1390","title":{"rendered":"Prevencia \u2013 z\u00e1klad \u00faspe\u0161nej politiky zdravia"},"content":{"rendered":"<p><strong>Pri pr\u00edle\u017eitosti n\u00e1v\u0161tevy \u0161vaj\u010diarskeho partnera RADIX Swiss Health Foundation na Slovensku sa v d\u0148och 1. &#8211; 2. decembra 2025 pod z\u00e1\u0161titou Ministerstva zdravotn\u00edctva Slovenskej republiky, zrealizovala konferencia s\u00a0n\u00e1zvom \u201ePrevencia \u2013 z\u00e1klad \u00faspe\u0161nej politiky zdravia\u201c.<\/strong> Konferencia vznikla v\u00a0r\u00e1mci projektu \u201ePosilnenie riadenia prevencie neprenosn\u00fdch chor\u00f4b a\u00a0podpory zdravia na Slovensku 2025 &#8211; 2028\u201c spolufinancovan\u00e9ho zo \u0160vaj\u010diarsko-slovensk\u00e9ho programu Zdravie, v\u00a0spolupr\u00e1ci s\u00a0\u00daradom verejn\u00e9ho zdravotn\u00edctva SR, Region\u00e1lnym \u00faradom verejn\u00e9ho zdravotn\u00edctva Bratislava a\u00a0Ministerstvom invest\u00edci\u00ed, region\u00e1lneho rozvoja a\u00a0informatiz\u00e1cie SR.<\/p>\n<p>Na podujatie boli prizvan\u00ed najm\u00e4 koordin\u00e1tori prevencie programu Zdravie a tie\u017e z\u00e1stupcovia samospr\u00e1vnych krajov, miest a\u00a0obc\u00ed, neziskov\u00fdch organiz\u00e1ci\u00ed, odborn\u00edci v\u00a0oblasti multi-sektorov\u00fdch problemat\u00edk (Ministerstvo invest\u00edci\u00ed, region\u00e1lneho rozvoja a informatiz\u00e1cie, Ministerstvo \u0161kolstva, v\u00fdskumu, v\u00fdvoja a\u00a0ml\u00e1de\u017ee, Ministerstvo pr\u00e1ce, soci\u00e1lnych vec\u00ed a rodiny, Ministerstvo financi\u00ed, In\u0161tit\u00fat strategick\u00fdch anal\u00fdz \u00daradu vl\u00e1dy SR, \u00darad pre doh\u013ead nad zdravotnou starostlivos\u0165ou, \u0160t\u00e1tneho \u00fastavu pre kontrolu lie\u010div, zdravotn\u00e9 pois\u0165ovne).<\/p>\n<p>Spolo\u010dn\u00e9 interakt\u00edvne stretnutie bolo platformou na prezent\u00e1ciu realizovan\u00e9ho projektu, v\u00fdmenu sk\u00fasenost\u00ed medzi prizvan\u00fdmi hos\u0165ami a\u00a0odborn\u00edkmi, prepojenie akt\u00e9rov na n\u00e1rodn\u00fdch a\u00a0region\u00e1lnych \u00farovniach. Na\u0161tartovalo \u00faspe\u0161n\u00fa spolupr\u00e1cu pri tvorbe modelu riadenia prevencie ochoren\u00ed a\u00a0podpory zdravia a\u00a0N\u00e1rodn\u00e9ho port\u00e1lu osved\u010den\u00fdch postupov podpory zdravia a\u00a0prevencie neprenosn\u00fdch chor\u00f4b na Slovensku.<\/p>\n<p>Diskutovan\u00fdmi t\u00e9mami boli:<\/p>\n<ul>\n<li>strategick\u00e9 pl\u00e1novanie prevencie ochoren\u00ed a\u00a0podpory zdravia, relevantn\u00e9 politiky a\u00a0sp\u00f4soby riadenia<\/li>\n<li>model riadenia prevencie a\u00a0podpory zdravia vo \u0160vaj\u010diarsku a\u00a0jeho v\u00fdvoj a implement\u00e1cia<\/li>\n<li>kroky a\u00a0iniciat\u00edvy potrebn\u00e9 pre v\u00fdvoj modelu riadenia prevencie a\u00a0podpory zdravia<\/li>\n<li>odpor\u00fa\u010dania \u0161vaj\u010diarskych partnerov na akceler\u00e1ciu<\/li>\n<li>behavior\u00e1lne a\u00a0kult\u00farne determinanty zdravia<\/li>\n<li>stav podpory zdravia na Slovensku a\u00a0vo \u0160vaj\u010diarsku na region\u00e1lnej a\u00a0miestnej \u00farovni<\/li>\n<li>podnety na naplnenie osved\u010den\u00fdch postupov podpory zdravia a\u00a0prevencie neprenosn\u00fdch chor\u00f4b<\/li>\n<li>\u00favahy o\u00a0zdrojoch udr\u017eate\u013en\u00e9ho financovania a\u00a0prevenciu neprenosn\u00fdch chor\u00f4b<\/li>\n<\/ul>\n","protected":false},"excerpt":{"rendered":"<p>Pri pr\u00edle\u017eitosti n\u00e1v\u0161tevy \u0161vaj\u010diarskeho partnera RADIX Swiss Health Foundation na Slovensku sa v d\u0148och 1. &#8211; 2. decembra 2025 pod z\u00e1\u0161titou Ministerstva zdravotn\u00edctva Slovenskej republiky, zrealizovala konferencia s\u00a0n\u00e1zvom \u201ePrevencia \u2013 z\u00e1klad \u00faspe\u0161nej politiky zdravia\u201c. Konferencia vznikla v\u00a0r\u00e1mci projektu \u201ePosilnenie riadenia prevencie neprenosn\u00fdch chor\u00f4b a\u00a0podpory zdravia na Slovensku 2025 &#8211; 2028\u201c spolufinancovan\u00e9ho zo \u0160vaj\u010diarsko-slovensk\u00e9ho programu Zdravie, [&hellip;]<\/p>\n","protected":false},"author":10,"featured_media":1387,"comment_status":"open","ping_status":"open","sticky":false,"template":"","format":"standard","meta":{"_acf_changed":false,"inline_featured_image":false,"footnotes":""},"categories":[8,55],"tags":[],"class_list":["post-1390","post","type-post","status-publish","format-standard","has-post-thumbnail","hentry","category-nezaradene-sk","category-zdravie"],"acf":[],"lang":"sk","translations":{"sk":1390,"en":1388},"pll_sync_post":[],"_links":{"self":[{"href":"https:\/\/swiss-contribution.sk\/index.php?rest_route=\/wp\/v2\/posts\/1390","targetHints":{"allow":["GET"]}}],"collection":[{"href":"https:\/\/swiss-contribution.sk\/index.php?rest_route=\/wp\/v2\/posts"}],"about":[{"href":"https:\/\/swiss-contribution.sk\/index.php?rest_route=\/wp\/v2\/types\/post"}],"author":[{"embeddable":true,"href":"https:\/\/swiss-contribution.sk\/index.php?rest_route=\/wp\/v2\/users\/10"}],"replies":[{"embeddable":true,"href":"https:\/\/swiss-contribution.sk\/index.php?rest_route=%2Fwp%2Fv2%2Fcomments&post=1390"}],"version-history":[{"count":2,"href":"https:\/\/swiss-contribution.sk\/index.php?rest_route=\/wp\/v2\/posts\/1390\/revisions"}],"predecessor-version":[{"id":1392,"href":"https:\/\/swiss-contribution.sk\/index.php?rest_route=\/wp\/v2\/posts\/1390\/revisions\/1392"}],"wp:featuredmedia":[{"embeddable":true,"href":"https:\/\/swiss-contribution.sk\/index.php?rest_route=\/wp\/v2\/media\/1387"}],"wp:attachment":[{"href":"https:\/\/swiss-contribution.sk\/index.php?rest_route=%2Fwp%2Fv2%2Fmedia&parent=1390"}],"wp:term":[{"taxonomy":"category","embeddable":true,"href":"https:\/\/swiss-contribution.sk\/index.php?rest_route=%2Fwp%2Fv2%2Fcategories&post=1390"},{"taxonomy":"post_tag","embeddable":true,"href":"https:\/\/swiss-contribution.sk\/index.php?rest_route=%2Fwp%2Fv2%2Ftags&post=1390"}],"curies":[{"name":"wp","href":"https:\/\/api.w.org\/{rel}","templated":true}]}}